{"id":104,"date":"2026-08-28T08:00:00","date_gmt":"2026-08-28T13:00:00","guid":{"rendered":"https:\/\/example.com\/?p=104"},"modified":"2026-09-02T14:23:56","modified_gmt":"2026-09-02T12:23:56","slug":"nuevas-ciclovias-transporte-publico","status":"publish","type":"post","link":"https:\/\/seveperiodismo.es\/en_gb\/nuevas-ciclovias-transporte-publico\/","title":{"rendered":"Nuevas ciclov\u00edas conectar\u00e1n barrios con estaciones de transporte p\u00fablico"},"content":{"rendered":"<p class=\"lead wp-block-paragraph\"><strong>El proyecto contempla nuevos tramos para facilitar viajes cortos y mejorar la conexi\u00f3n con buses y estaciones principales.<\/strong><\/p>\n\n\n\n<p class=\"wp-block-paragraph\">La red de ciclov\u00edas urbanas ser\u00e1 ampliada con nuevos corredores que buscar\u00e1n conectar zonas residenciales con puntos de transporte p\u00fablico.<\/p>\n\n\n\n<h2 class=\"wp-block-heading\">C\u00f3mo se definieron los nuevos tramos<\/h2>\n\n\n\n<p class=\"wp-block-paragraph\">La propuesta prioriza v\u00edas con alta demanda de desplazamientos cortos y sectores donde actualmente existen recorridos discontinuos para bicicletas.<\/p>\n\n\n\n<h3 class=\"wp-block-heading\">Objetivos principales<\/h3>\n\n\n\n<ul class=\"wp-block-list\">\n<li>Reducir viajes cortos en autom\u00f3vil.<\/li>\n<li>Mejorar la conexi\u00f3n con estaciones de transporte masivo.<\/li>\n<li>Aumentar la seguridad de los ciclistas.<\/li>\n<li>Crear rutas continuas entre barrios cercanos.<\/li>\n<\/ul>\n\n\n\n<blockquote class=\"wp-block-quote is-layout-flow wp-block-quote-is-layout-flow\"><p>\u201cUna ciclov\u00eda aislada sirve poco; la utilidad aparece cuando existe una red conectada\u201d.<\/p><cite>Especialista en movilidad urbana<\/cite><\/blockquote>\n\n\n\n<h2 class=\"wp-block-heading\">Pr\u00f3ximos pasos<\/h2>\n\n\n\n<p class=\"wp-block-paragraph\">Antes del inicio de obras se realizar\u00e1n trabajos de se\u00f1alizaci\u00f3n y adecuaci\u00f3n de intersecciones. Las autoridades tambi\u00e9n anunciaron campa\u00f1as de educaci\u00f3n vial.<\/p>\n\n\n\n<p class=\"wp-block-paragraph\"><strong>Claves de la noticia:<\/strong> el proyecto busca integrar bicicleta y transporte p\u00fablico, mejorar la continuidad de las rutas y reforzar la seguridad vial.<\/p>","protected":false},"excerpt":{"rendered":"<p>La ampliaci\u00f3n de ciclov\u00edas busca conectar barrios residenciales con estaciones y corredores de transporte p\u00fablico.<\/p>","protected":false},"author":1,"featured_media":825,"comment_status":"open","ping_status":"open","sticky":false,"template":"","format":"standard","meta":{"_acf_changed":false,"footnotes":""},"categories":[24],"tags":[35,34],"class_list":["post-104","post","type-post","status-publish","format-standard","has-post-thumbnail","hentry","category-actualidad","tag-ciclovias","tag-movilidad"],"acf":[],"_links":{"self":[{"href":"https:\/\/seveperiodismo.es\/en_gb\/wp-json\/wp\/v2\/posts\/104","targetHints":{"allow":["GET"]}}],"collection":[{"href":"https:\/\/seveperiodismo.es\/en_gb\/wp-json\/wp\/v2\/posts"}],"about":[{"href":"https:\/\/seveperiodismo.es\/en_gb\/wp-json\/wp\/v2\/types\/post"}],"author":[{"embeddable":true,"href":"https:\/\/seveperiodismo.es\/en_gb\/wp-json\/wp\/v2\/users\/1"}],"replies":[{"embeddable":true,"href":"https:\/\/seveperiodismo.es\/en_gb\/wp-json\/wp\/v2\/comments?post=104"}],"version-history":[{"count":1,"href":"https:\/\/seveperiodismo.es\/en_gb\/wp-json\/wp\/v2\/posts\/104\/revisions"}],"predecessor-version":[{"id":826,"href":"https:\/\/seveperiodismo.es\/en_gb\/wp-json\/wp\/v2\/posts\/104\/revisions\/826"}],"wp:featuredmedia":[{"embeddable":true,"href":"https:\/\/seveperiodismo.es\/en_gb\/wp-json\/wp\/v2\/media\/825"}],"wp:attachment":[{"href":"https:\/\/seveperiodismo.es\/en_gb\/wp-json\/wp\/v2\/media?parent=104"}],"wp:term":[{"taxonomy":"category","embeddable":true,"href":"https:\/\/seveperiodismo.es\/en_gb\/wp-json\/wp\/v2\/categories?post=104"},{"taxonomy":"post_tag","embeddable":true,"href":"https:\/\/seveperiodismo.es\/en_gb\/wp-json\/wp\/v2\/tags?post=104"}],"curies":[{"name":"wp","href":"https:\/\/api.w.org\/{rel}","templated":true}]}}