{"id":103,"date":"2026-08-29T10:30:00","date_gmt":"2026-08-29T15:30:00","guid":{"rendered":"https:\/\/example.com\/?p=103"},"modified":"2026-09-02T14:20:28","modified_gmt":"2026-09-02T12:20:28","slug":"comercio-electronico-pequenos-negocios","status":"publish","type":"post","link":"https:\/\/seveperiodismo.es\/en_gb\/comercio-electronico-pequenos-negocios\/","title":{"rendered":"Comercio electr\u00f3nico mantiene crecimiento entre peque\u00f1os negocios"},"content":{"rendered":"<p class=\"lead wp-block-paragraph\"><strong>Los emprendimientos combinan redes sociales, tiendas virtuales y pagos digitales para ampliar su alcance.<\/strong><\/p>\n\n\n\n<p class=\"wp-block-paragraph\">El comercio electr\u00f3nico contin\u00faa ganando espacio entre peque\u00f1os negocios que buscan vender m\u00e1s all\u00e1 de su zona habitual y atender pedidos durante todo el d\u00eda.<\/p>\n\n\n\n<h2 class=\"wp-block-heading\">Canales que se complementan<\/h2>\n\n\n\n<p class=\"wp-block-paragraph\">Para muchos comerciantes, la tienda online ya no reemplaza a las redes sociales ni al punto f\u00edsico. Los tres canales forman parte de una misma estrategia comercial.<\/p>\n\n\n\n<blockquote class=\"wp-block-quote is-layout-flow wp-block-quote-is-layout-flow\"><p>\u201cEl cliente puede descubrir un producto en una red social, compararlo en la web y finalmente comprar desde el tel\u00e9fono\u201d.<\/p><cite>Consultora de comercio digital<\/cite><\/blockquote>\n\n\n\n<h3 class=\"wp-block-heading\">Factores que influyen en la compra<\/h3>\n\n\n\n<ul class=\"wp-block-list\">\n<li>Informaci\u00f3n clara sobre precios.<\/li>\n<li>Fotograf\u00edas de buena calidad.<\/li>\n<li>Opciones de entrega visibles.<\/li>\n<li>M\u00e9todos de pago confiables.<\/li>\n<li>Pol\u00edticas de cambios y devoluciones.<\/li>\n<\/ul>\n\n\n\n<h2 class=\"wp-block-heading\">La confianza sigue siendo decisiva<\/h2>\n\n\n\n<p class=\"wp-block-paragraph\">Los especialistas indican que los compradores valoran especialmente la claridad de las condiciones, la rapidez de respuesta y la existencia de canales de atenci\u00f3n verificables.<\/p>\n\n\n\n<hr class=\"wp-block-separator has-alpha-channel-opacity\"\/>\n\n\n\n<p class=\"wp-block-paragraph\"><strong>En contexto:<\/strong> para un negocio peque\u00f1o, una mejora sencilla en la experiencia de compra puede tener m\u00e1s impacto que a\u00f1adir muchas funciones nuevas.<\/p>","protected":false},"excerpt":{"rendered":"<p>Peque\u00f1os negocios combinan tiendas online, redes sociales y pagos digitales para ampliar sus ventas.<\/p>","protected":false},"author":1,"featured_media":823,"comment_status":"open","ping_status":"open","sticky":false,"template":"","format":"standard","meta":{"_acf_changed":false,"footnotes":""},"categories":[27],"tags":[32,33],"class_list":["post-103","post","type-post","status-publish","format-standard","has-post-thumbnail","hentry","category-economia","tag-ecommerce","tag-pymes"],"acf":[],"_links":{"self":[{"href":"https:\/\/seveperiodismo.es\/en_gb\/wp-json\/wp\/v2\/posts\/103","targetHints":{"allow":["GET"]}}],"collection":[{"href":"https:\/\/seveperiodismo.es\/en_gb\/wp-json\/wp\/v2\/posts"}],"about":[{"href":"https:\/\/seveperiodismo.es\/en_gb\/wp-json\/wp\/v2\/types\/post"}],"author":[{"embeddable":true,"href":"https:\/\/seveperiodismo.es\/en_gb\/wp-json\/wp\/v2\/users\/1"}],"replies":[{"embeddable":true,"href":"https:\/\/seveperiodismo.es\/en_gb\/wp-json\/wp\/v2\/comments?post=103"}],"version-history":[{"count":1,"href":"https:\/\/seveperiodismo.es\/en_gb\/wp-json\/wp\/v2\/posts\/103\/revisions"}],"predecessor-version":[{"id":824,"href":"https:\/\/seveperiodismo.es\/en_gb\/wp-json\/wp\/v2\/posts\/103\/revisions\/824"}],"wp:featuredmedia":[{"embeddable":true,"href":"https:\/\/seveperiodismo.es\/en_gb\/wp-json\/wp\/v2\/media\/823"}],"wp:attachment":[{"href":"https:\/\/seveperiodismo.es\/en_gb\/wp-json\/wp\/v2\/media?parent=103"}],"wp:term":[{"taxonomy":"category","embeddable":true,"href":"https:\/\/seveperiodismo.es\/en_gb\/wp-json\/wp\/v2\/categories?post=103"},{"taxonomy":"post_tag","embeddable":true,"href":"https:\/\/seveperiodismo.es\/en_gb\/wp-json\/wp\/v2\/tags?post=103"}],"curies":[{"name":"wp","href":"https:\/\/api.w.org\/{rel}","templated":true}]}}