{"id":102,"date":"2026-08-30T11:00:00","date_gmt":"2026-08-30T16:00:00","guid":{"rendered":"https:\/\/example.com\/?p=102"},"modified":"2026-09-02T14:18:14","modified_gmt":"2026-09-02T12:18:14","slug":"empresas-adopcion-inteligencia-artificial","status":"publish","type":"post","link":"https:\/\/seveperiodismo.es\/en_gb\/empresas-adopcion-inteligencia-artificial\/","title":{"rendered":"Empresas locales aceleran la adopci\u00f3n de inteligencia artificial"},"content":{"rendered":"<p class=\"lead wp-block-paragraph\"><strong>Automatizaci\u00f3n de atenci\u00f3n al cliente, an\u00e1lisis de datos y generaci\u00f3n de contenidos son algunos de los usos m\u00e1s frecuentes.<\/strong><\/p>\n\n\n\n<p class=\"wp-block-paragraph\">Las peque\u00f1as y medianas empresas est\u00e1n incorporando herramientas de inteligencia artificial a tareas que hasta hace poco se realizaban de manera manual.<\/p>\n\n\n\n<h2 class=\"wp-block-heading\">Los usos m\u00e1s frecuentes<\/h2>\n\n\n\n<p class=\"wp-block-paragraph\">Especialistas consultados se\u00f1alan que la adopci\u00f3n se concentra en procesos de bajo riesgo y alto volumen, donde las empresas pueden medir con facilidad el ahorro de tiempo.<\/p>\n\n\n\n<ol class=\"wp-block-list\">\n<li>Clasificaci\u00f3n de consultas de clientes.<\/li>\n\n\n\n<li>Resumen de documentos y reuniones.<\/li>\n\n\n\n<li>Generaci\u00f3n de borradores para marketing.<\/li>\n\n\n\n<li>An\u00e1lisis preliminar de grandes vol\u00famenes de datos.<\/li>\n<\/ol>\n\n\n\n<figure class=\"wp-block-pullquote has-text-align-left\"><blockquote><p>La ventaja no est\u00e1 solo en producir m\u00e1s r\u00e1pido, sino en liberar tiempo para tareas de mayor valor.<\/p><cite>Analista de transformaci\u00f3n digital<\/cite><\/blockquote><\/figure>\n\n\n\n<h2 class=\"wp-block-heading\">Tambi\u00e9n aparecen nuevos riesgos<\/h2>\n\n\n\n<p class=\"wp-block-paragraph\">El uso de estas herramientas plantea preguntas sobre privacidad, calidad de la informaci\u00f3n y supervisi\u00f3n humana. Por ello, varias compa\u00f1\u00edas est\u00e1n comenzando a definir pol\u00edticas internas.<\/p>\n\n\n\n<h3 class=\"wp-block-heading\">Qu\u00e9 recomiendan los especialistas<\/h3>\n\n\n\n<p class=\"wp-block-paragraph\">La recomendaci\u00f3n general es comenzar con proyectos acotados, establecer m\u00e9tricas claras y mantener revisi\u00f3n humana en procesos sensibles.<\/p>\n\n\n\n<p class=\"wp-block-paragraph\">M\u00e1s informaci\u00f3n sobre est\u00e1ndares tecnol\u00f3gicos puede consultarse en <a href=\"https:\/\/www.w3.org\/\" target=\"_blank\" rel=\"noopener\">W3C<\/a>.<\/p>","protected":false},"excerpt":{"rendered":"<p>Las pymes incorporan IA para automatizar tareas, analizar informaci\u00f3n y acelerar procesos internos.<\/p>","protected":false},"author":1,"featured_media":820,"comment_status":"open","ping_status":"open","sticky":false,"template":"","format":"standard","meta":{"_acf_changed":false,"footnotes":""},"categories":[25],"tags":[31,30],"class_list":["post-102","post","type-post","status-publish","format-standard","has-post-thumbnail","hentry","category-tecnologia","tag-empresas","tag-inteligencia-artificial"],"acf":[],"_links":{"self":[{"href":"https:\/\/seveperiodismo.es\/en_gb\/wp-json\/wp\/v2\/posts\/102","targetHints":{"allow":["GET"]}}],"collection":[{"href":"https:\/\/seveperiodismo.es\/en_gb\/wp-json\/wp\/v2\/posts"}],"about":[{"href":"https:\/\/seveperiodismo.es\/en_gb\/wp-json\/wp\/v2\/types\/post"}],"author":[{"embeddable":true,"href":"https:\/\/seveperiodismo.es\/en_gb\/wp-json\/wp\/v2\/users\/1"}],"replies":[{"embeddable":true,"href":"https:\/\/seveperiodismo.es\/en_gb\/wp-json\/wp\/v2\/comments?post=102"}],"version-history":[{"count":2,"href":"https:\/\/seveperiodismo.es\/en_gb\/wp-json\/wp\/v2\/posts\/102\/revisions"}],"predecessor-version":[{"id":822,"href":"https:\/\/seveperiodismo.es\/en_gb\/wp-json\/wp\/v2\/posts\/102\/revisions\/822"}],"wp:featuredmedia":[{"embeddable":true,"href":"https:\/\/seveperiodismo.es\/en_gb\/wp-json\/wp\/v2\/media\/820"}],"wp:attachment":[{"href":"https:\/\/seveperiodismo.es\/en_gb\/wp-json\/wp\/v2\/media?parent=102"}],"wp:term":[{"taxonomy":"category","embeddable":true,"href":"https:\/\/seveperiodismo.es\/en_gb\/wp-json\/wp\/v2\/categories?post=102"},{"taxonomy":"post_tag","embeddable":true,"href":"https:\/\/seveperiodismo.es\/en_gb\/wp-json\/wp\/v2\/tags?post=102"}],"curies":[{"name":"wp","href":"https:\/\/api.w.org\/{rel}","templated":true}]}}