{"id":101,"date":"2026-08-31T09:00:00","date_gmt":"2026-08-31T14:00:00","guid":{"rendered":"https:\/\/example.com\/?p=101"},"modified":"2026-09-02T14:09:38","modified_gmt":"2026-09-02T12:09:38","slug":"municipalidad-plan-espacios-publicos","status":"publish","type":"post","link":"https:\/\/seveperiodismo.es\/en_gb\/municipalidad-plan-espacios-publicos\/","title":{"rendered":"Municipalidad anuncia nuevo plan para recuperar espacios p\u00fablicos"},"content":{"rendered":"<p class=\"lead wp-block-paragraph\"><strong>La iniciativa comenzar\u00e1 con la intervenci\u00f3n de parques, veredas y zonas de tr\u00e1nsito peatonal en tres sectores de la ciudad.<\/strong><\/p>\n\n\n\n<p class=\"wp-block-paragraph\">La municipalidad present\u00f3 este lunes un plan piloto para recuperar espacios p\u00fablicos con trabajos de iluminaci\u00f3n, mantenimiento de \u00e1reas verdes y renovaci\u00f3n de mobiliario urbano.<\/p>\n\n\n\n<h2 class=\"wp-block-heading\">Primera etapa del proyecto<\/h2>\n\n\n\n<p class=\"wp-block-paragraph\">Seg\u00fan el cronograma oficial, las primeras intervenciones se realizar\u00e1n durante septiembre y octubre. La prioridad estar\u00e1 en zonas con alto tr\u00e1nsito peatonal y puntos cercanos a centros educativos.<\/p>\n\n\n\n<ul class=\"wp-block-list\">\n<li>Mejora de iluminaci\u00f3n p\u00fablica.<\/li>\n\n\n\n<li>Reparaci\u00f3n de veredas.<\/li>\n\n\n\n<li>Instalaci\u00f3n de bancas y papeleras.<\/li>\n\n\n\n<li>Recuperaci\u00f3n de \u00e1reas verdes.<\/li>\n<\/ul>\n\n\n\n<blockquote class=\"wp-block-quote is-layout-flow wp-block-quote-is-layout-flow\">\n<p class=\"wp-block-paragraph\">\u201cQueremos que los vecinos vuelvan a utilizar estos espacios de manera segura y cotidiana\u201d.<\/p>\n<cite>Vocero municipal<\/cite><\/blockquote>\n\n\n\n<h3 class=\"wp-block-heading\">Participaci\u00f3n vecinal<\/h3>\n\n\n\n<p class=\"wp-block-paragraph\">La comuna inform\u00f3 que abrir\u00e1 reuniones con juntas vecinales para recoger observaciones y definir prioridades para una segunda etapa.<\/p>\n\n\n\n<hr class=\"wp-block-separator has-alpha-channel-opacity\"\/>\n\n\n\n<p class=\"wp-block-paragraph\"><em>Dato:<\/em> el proyecto ser\u00e1 evaluado despu\u00e9s de 90 d\u00edas para medir el nivel de uso y conservaci\u00f3n de las zonas intervenidas.<\/p>","protected":false},"excerpt":{"rendered":"<p>La municipalidad inicia un plan piloto para recuperar parques, veredas y zonas peatonales.<\/p>","protected":false},"author":1,"featured_media":819,"comment_status":"open","ping_status":"open","sticky":false,"template":"","format":"standard","meta":{"_acf_changed":false,"footnotes":""},"categories":[26],"tags":[28,29],"class_list":["post-101","post","type-post","status-publish","format-standard","has-post-thumbnail","hentry","category-ciudad","tag-espacios-publicos","tag-municipalidad"],"acf":[],"_links":{"self":[{"href":"https:\/\/seveperiodismo.es\/en_gb\/wp-json\/wp\/v2\/posts\/101","targetHints":{"allow":["GET"]}}],"collection":[{"href":"https:\/\/seveperiodismo.es\/en_gb\/wp-json\/wp\/v2\/posts"}],"about":[{"href":"https:\/\/seveperiodismo.es\/en_gb\/wp-json\/wp\/v2\/types\/post"}],"author":[{"embeddable":true,"href":"https:\/\/seveperiodismo.es\/en_gb\/wp-json\/wp\/v2\/users\/1"}],"replies":[{"embeddable":true,"href":"https:\/\/seveperiodismo.es\/en_gb\/wp-json\/wp\/v2\/comments?post=101"}],"version-history":[{"count":1,"href":"https:\/\/seveperiodismo.es\/en_gb\/wp-json\/wp\/v2\/posts\/101\/revisions"}],"predecessor-version":[{"id":818,"href":"https:\/\/seveperiodismo.es\/en_gb\/wp-json\/wp\/v2\/posts\/101\/revisions\/818"}],"wp:featuredmedia":[{"embeddable":true,"href":"https:\/\/seveperiodismo.es\/en_gb\/wp-json\/wp\/v2\/media\/819"}],"wp:attachment":[{"href":"https:\/\/seveperiodismo.es\/en_gb\/wp-json\/wp\/v2\/media?parent=101"}],"wp:term":[{"taxonomy":"category","embeddable":true,"href":"https:\/\/seveperiodismo.es\/en_gb\/wp-json\/wp\/v2\/categories?post=101"},{"taxonomy":"post_tag","embeddable":true,"href":"https:\/\/seveperiodismo.es\/en_gb\/wp-json\/wp\/v2\/tags?post=101"}],"curies":[{"name":"wp","href":"https:\/\/api.w.org\/{rel}","templated":true}]}}